{"id":6071,"date":"2025-12-02T21:00:23","date_gmt":"2025-12-02T20:00:23","guid":{"rendered":"https:\/\/www.cyberconfiance.ma\/?p=6071"},"modified":"2025-12-24T10:23:05","modified_gmt":"2025-12-24T09:23:05","slug":"5eme-edition-de-la-campagne-nationale-de-prevention-contre-la-cyberviolence-et-le-cyberharcelement","status":"publish","type":"post","link":"https:\/\/www.cyberconfiance.ma\/ar\/2025\/12\/02\/5eme-edition-de-la-campagne-nationale-de-prevention-contre-la-cyberviolence-et-le-cyberharcelement\/","title":{"rendered":"5\u00e8me \u00e9dition de la campagne nationale de pr\u00e9vention contre la cyberviolence et le cyberharc\u00e8lement"},"content":{"rendered":"<p>Le Centre Marocain de Recherches Polytechniques et d\u2019Innovation (CMRPI), en partenariat avec le Minist\u00e8re de la Justice et le Conseil de l\u2019Europe, et avec le soutien de l\u2019Ambassade de Suisse au Maroc, annonce le lancement officiel de la 5\u1d49 \u00e9dition de la Campagne nationale de pr\u00e9vention contre la cyberviolence et le cyberharc\u00e8lement, du 04 au 30 d\u00e9cembre 2025.<\/p>\n\n\n\n<p>Cette campagne, plac\u00e9e sous le th\u00e8me <strong>\u00ab Vers un espace num\u00e9rique inclusif et plus propice au bien-\u00eatre pour toutes et tous \u00bb<\/strong>, et qui co\u00efncide avec la campagne internationale des16 jours d&#8217;activisme pour mettre fin \u00e0 la violence contre les femmes et les filles,&nbsp; met l\u2019accent sur la sensibilisation aux cyberviolence bas\u00e9e sur le genre, le renforcement des capacit\u00e9s des familles, des \u00e9ducateurs et des professionnels, ainsi que la promotion d\u2019un espace num\u00e9rique responsable, protecteur et inclusif pour tous.<\/p>\n\n\n\n<p>La conf\u00e9rence &nbsp;national de lancement, qui aura lieu jeudi 04 d\u00e9cembre 2025 Rabat, r\u00e9unira des repr\u00e9sentants des institutions publiques, des organisations de la soci\u00e9t\u00e9 civile, des organisations nationales et internationales, des experts, des jeunes, des femmes et des acteurs du num\u00e9rique afin de pr\u00e9senter le programme de la campagne, ses messages cl\u00e9s et les actions pr\u00e9vues pour contribuer \u00e0 la protection des enfants, des jeunes et des femmes contre les cyberviolences \u00e0 l\u2019\u00e8re de l\u2019Intelligence artificielle et promouvoir la culture de sant\u00e9 mentale et de bien .<\/p>\n\n\n\n<figure class=\"wp-block-image size-large\"><img loading=\"lazy\" decoding=\"async\" width=\"1024\" height=\"576\" src=\"https:\/\/www.cyberconfiance.ma\/wp-content\/uploads\/2025\/12\/Campagne-Nationale-2025-Affiche-1-1024x576.jpg\" alt=\"\" class=\"wp-image-6125\" srcset=\"https:\/\/www.cyberconfiance.ma\/wp-content\/uploads\/2025\/12\/Campagne-Nationale-2025-Affiche-1-1024x576.jpg 1024w, https:\/\/www.cyberconfiance.ma\/wp-content\/uploads\/2025\/12\/Campagne-Nationale-2025-Affiche-1-300x169.jpg 300w, https:\/\/www.cyberconfiance.ma\/wp-content\/uploads\/2025\/12\/Campagne-Nationale-2025-Affiche-1-768x432.jpg 768w, https:\/\/www.cyberconfiance.ma\/wp-content\/uploads\/2025\/12\/Campagne-Nationale-2025-Affiche-1-1536x864.jpg 1536w, https:\/\/www.cyberconfiance.ma\/wp-content\/uploads\/2025\/12\/Campagne-Nationale-2025-Affiche-1-2048x1152.jpg 2048w, https:\/\/www.cyberconfiance.ma\/wp-content\/uploads\/2025\/12\/Campagne-Nationale-2025-Affiche-1-18x10.jpg 18w, https:\/\/www.cyberconfiance.ma\/wp-content\/uploads\/2025\/12\/Campagne-Nationale-2025-Affiche-1-800x450.jpg 800w\" sizes=\"auto, (max-width: 1024px) 100vw, 1024px\" \/><\/figure>","protected":false},"excerpt":{"rendered":"<p>Le Centre Marocain de Recherches Polytechniques et d\u2019Innovation (CMRPI), en partenariat avec le Minist\u00e8re de la Justice et le Conseil de l\u2019Europe, et avec le soutien de l\u2019Ambassade de Suisse au Maroc, annonce le lancement officiel de la 5\u1d49 \u00e9dition de la Campagne nationale de pr\u00e9vention contre la cyberviolence et le cyberharc\u00e8lement, du 04 au [&hellip;]<\/p>","protected":false},"author":1,"featured_media":6080,"comment_status":"open","ping_status":"open","sticky":false,"template":"","format":"standard","meta":{"_eb_attr":"","footnotes":""},"categories":[18],"tags":[],"class_list":["post-6071","post","type-post","status-publish","format-standard","has-post-thumbnail","hentry","category-tout-les-actualites-de-emc","entry","has-media"],"yoast_head":"<!-- This site is optimized with the Yoast SEO plugin v24.1 - https:\/\/yoast.com\/wordpress\/plugins\/seo\/ -->\n<title>5\u00e8me \u00e9dition de la campagne nationale de pr\u00e9vention contre la cyberviolence et le cyberharc\u00e8lement - Cyberconfiance<\/title>\n<meta name=\"robots\" content=\"index, follow, max-snippet:-1, max-image-preview:large, max-video-preview:-1\" \/>\n<link rel=\"canonical\" href=\"https:\/\/www.cyberconfiance.ma\/ar\/2025\/12\/02\/5eme-edition-de-la-campagne-nationale-de-prevention-contre-la-cyberviolence-et-le-cyberharcelement\/\" \/>\n<meta property=\"og:locale\" content=\"ar_AR\" \/>\n<meta property=\"og:type\" content=\"article\" \/>\n<meta property=\"og:title\" content=\"5\u00e8me \u00e9dition de la campagne nationale de pr\u00e9vention contre la cyberviolence et le cyberharc\u00e8lement - Cyberconfiance\" \/>\n<meta property=\"og:description\" content=\"Le Centre Marocain de Recherches Polytechniques et d\u2019Innovation (CMRPI), en partenariat avec le Minist\u00e8re de la Justice et le Conseil de l\u2019Europe, et avec le soutien de l\u2019Ambassade de Suisse au Maroc, annonce le lancement officiel de la 5\u1d49 \u00e9dition de la Campagne nationale de pr\u00e9vention contre la cyberviolence et le cyberharc\u00e8lement, du 04 au [&hellip;]\" \/>\n<meta property=\"og:url\" content=\"https:\/\/www.cyberconfiance.ma\/ar\/2025\/12\/02\/5eme-edition-de-la-campagne-nationale-de-prevention-contre-la-cyberviolence-et-le-cyberharcelement\/\" \/>\n<meta property=\"og:site_name\" content=\"Cyberconfiance\" \/>\n<meta property=\"article:publisher\" content=\"https:\/\/www.google.com\/url?sa=i&amp;url=httpswww.facebook.comcyberconfiance&amp;psig=AOvVaw3KctkwLod8HoiqC5FTBO-G&amp;ust=1735992076420000&amp;source=images&amp;cd=vfe&amp;opi=89978449&amp;ved=0CAYQrpoMahcKEwig3vXJwNmKAxUAAAAAHQAAAAAQBA\" \/>\n<meta property=\"article:published_time\" content=\"2025-12-02T20:00:23+00:00\" \/>\n<meta property=\"article:modified_time\" content=\"2025-12-24T09:23:05+00:00\" \/>\n<meta property=\"og:image\" content=\"https:\/\/www.cyberconfiance.ma\/wp-content\/uploads\/2025\/12\/Campagne-Nationale-2025-Affiche-scaled.jpg\" \/>\n\t<meta property=\"og:image:width\" content=\"2560\" \/>\n\t<meta property=\"og:image:height\" content=\"1440\" \/>\n\t<meta property=\"og:image:type\" content=\"image\/jpeg\" \/>\n<meta name=\"author\" content=\"admin01\" \/>\n<meta name=\"twitter:card\" content=\"summary_large_image\" \/>\n<meta name=\"twitter:label1\" content=\"\u0643\u064f\u062a\u0628 \u0628\u0648\u0627\u0633\u0637\u0629\" \/>\n\t<meta name=\"twitter:data1\" content=\"admin01\" \/>\n\t<meta name=\"twitter:label2\" content=\"\u0648\u0642\u062a \u0627\u0644\u0642\u0631\u0627\u0621\u0629 \u0627\u0644\u0645\u064f\u0642\u062f\u0651\u0631\" \/>\n\t<meta name=\"twitter:data2\" content=\"\u062f\u0642\u064a\u0642\u062a\u0627\u0646\" \/>\n<script type=\"application\/ld+json\" class=\"yoast-schema-graph\">{\"@context\":\"https:\/\/schema.org\",\"@graph\":[{\"@type\":\"WebPage\",\"@id\":\"https:\/\/www.cyberconfiance.ma\/2025\/12\/02\/5eme-edition-de-la-campagne-nationale-de-prevention-contre-la-cyberviolence-et-le-cyberharcelement\/\",\"url\":\"https:\/\/www.cyberconfiance.ma\/2025\/12\/02\/5eme-edition-de-la-campagne-nationale-de-prevention-contre-la-cyberviolence-et-le-cyberharcelement\/\",\"name\":\"5\u00e8me \u00e9dition de la campagne nationale de pr\u00e9vention contre la cyberviolence et le cyberharc\u00e8lement - Cyberconfiance\",\"isPartOf\":{\"@id\":\"https:\/\/www.cyberconfiance.ma\/#website\"},\"primaryImageOfPage\":{\"@id\":\"https:\/\/www.cyberconfiance.ma\/2025\/12\/02\/5eme-edition-de-la-campagne-nationale-de-prevention-contre-la-cyberviolence-et-le-cyberharcelement\/#primaryimage\"},\"image\":{\"@id\":\"https:\/\/www.cyberconfiance.ma\/2025\/12\/02\/5eme-edition-de-la-campagne-nationale-de-prevention-contre-la-cyberviolence-et-le-cyberharcelement\/#primaryimage\"},\"thumbnailUrl\":\"https:\/\/www.cyberconfiance.ma\/wp-content\/uploads\/2025\/12\/Campagne-Nationale-2025-Affiche-scaled.jpg\",\"datePublished\":\"2025-12-02T20:00:23+00:00\",\"dateModified\":\"2025-12-24T09:23:05+00:00\",\"author\":{\"@id\":\"https:\/\/www.cyberconfiance.ma\/#\/schema\/person\/de8d45a7a23092a8581370cd1189df9e\"},\"breadcrumb\":{\"@id\":\"https:\/\/www.cyberconfiance.ma\/2025\/12\/02\/5eme-edition-de-la-campagne-nationale-de-prevention-contre-la-cyberviolence-et-le-cyberharcelement\/#breadcrumb\"},\"inLanguage\":\"ar\",\"potentialAction\":[{\"@type\":\"ReadAction\",\"target\":[\"https:\/\/www.cyberconfiance.ma\/2025\/12\/02\/5eme-edition-de-la-campagne-nationale-de-prevention-contre-la-cyberviolence-et-le-cyberharcelement\/\"]}]},{\"@type\":\"ImageObject\",\"inLanguage\":\"ar\",\"@id\":\"https:\/\/www.cyberconfiance.ma\/2025\/12\/02\/5eme-edition-de-la-campagne-nationale-de-prevention-contre-la-cyberviolence-et-le-cyberharcelement\/#primaryimage\",\"url\":\"https:\/\/www.cyberconfiance.ma\/wp-content\/uploads\/2025\/12\/Campagne-Nationale-2025-Affiche-scaled.jpg\",\"contentUrl\":\"https:\/\/www.cyberconfiance.ma\/wp-content\/uploads\/2025\/12\/Campagne-Nationale-2025-Affiche-scaled.jpg\",\"width\":2560,\"height\":1440},{\"@type\":\"BreadcrumbList\",\"@id\":\"https:\/\/www.cyberconfiance.ma\/2025\/12\/02\/5eme-edition-de-la-campagne-nationale-de-prevention-contre-la-cyberviolence-et-le-cyberharcelement\/#breadcrumb\",\"itemListElement\":[{\"@type\":\"ListItem\",\"position\":1,\"name\":\"Accueil\",\"item\":\"https:\/\/www.cyberconfiance.ma\/\"},{\"@type\":\"ListItem\",\"position\":2,\"name\":\"5\u00e8me \u00e9dition de la campagne nationale de pr\u00e9vention contre la cyberviolence et le cyberharc\u00e8lement\"}]},{\"@type\":\"WebSite\",\"@id\":\"https:\/\/www.cyberconfiance.ma\/#website\",\"url\":\"https:\/\/www.cyberconfiance.ma\/\",\"name\":\"Cyber-Confiance\",\"description\":\"Protection en ligne\",\"potentialAction\":[{\"@type\":\"SearchAction\",\"target\":{\"@type\":\"EntryPoint\",\"urlTemplate\":\"https:\/\/www.cyberconfiance.ma\/?s={search_term_string}\"},\"query-input\":{\"@type\":\"PropertyValueSpecification\",\"valueRequired\":true,\"valueName\":\"search_term_string\"}}],\"inLanguage\":\"ar\"},{\"@type\":\"Person\",\"@id\":\"https:\/\/www.cyberconfiance.ma\/#\/schema\/person\/de8d45a7a23092a8581370cd1189df9e\",\"name\":\"admin01\",\"image\":{\"@type\":\"ImageObject\",\"inLanguage\":\"ar\",\"@id\":\"https:\/\/www.cyberconfiance.ma\/#\/schema\/person\/image\/\",\"url\":\"https:\/\/secure.gravatar.com\/avatar\/761ce9b2dcb69c5a34493d6e41be123481e8e0261882ed47dd5b3e3466139842?s=96&d=mm&r=g\",\"contentUrl\":\"https:\/\/secure.gravatar.com\/avatar\/761ce9b2dcb69c5a34493d6e41be123481e8e0261882ed47dd5b3e3466139842?s=96&d=mm&r=g\",\"caption\":\"admin01\"},\"sameAs\":[\"https:\/\/www.cyberconfiance.ma\"],\"url\":\"https:\/\/www.cyberconfiance.ma\/ar\/author\/admin01\/\"}]}<\/script>\n<!-- \/ Yoast SEO plugin. -->","yoast_head_json":{"title":"5\u00e8me \u00e9dition de la campagne nationale de pr\u00e9vention contre la cyberviolence et le cyberharc\u00e8lement - Cyberconfiance","robots":{"index":"index","follow":"follow","max-snippet":"max-snippet:-1","max-image-preview":"max-image-preview:large","max-video-preview":"max-video-preview:-1"},"canonical":"https:\/\/www.cyberconfiance.ma\/ar\/2025\/12\/02\/5eme-edition-de-la-campagne-nationale-de-prevention-contre-la-cyberviolence-et-le-cyberharcelement\/","og_locale":"ar_AR","og_type":"article","og_title":"5\u00e8me \u00e9dition de la campagne nationale de pr\u00e9vention contre la cyberviolence et le cyberharc\u00e8lement - Cyberconfiance","og_description":"Le Centre Marocain de Recherches Polytechniques et d\u2019Innovation (CMRPI), en partenariat avec le Minist\u00e8re de la Justice et le Conseil de l\u2019Europe, et avec le soutien de l\u2019Ambassade de Suisse au Maroc, annonce le lancement officiel de la 5\u1d49 \u00e9dition de la Campagne nationale de pr\u00e9vention contre la cyberviolence et le cyberharc\u00e8lement, du 04 au [&hellip;]","og_url":"https:\/\/www.cyberconfiance.ma\/ar\/2025\/12\/02\/5eme-edition-de-la-campagne-nationale-de-prevention-contre-la-cyberviolence-et-le-cyberharcelement\/","og_site_name":"Cyberconfiance","article_publisher":"https:\/\/www.google.com\/url?sa=i&url=httpswww.facebook.comcyberconfiance&psig=AOvVaw3KctkwLod8HoiqC5FTBO-G&ust=1735992076420000&source=images&cd=vfe&opi=89978449&ved=0CAYQrpoMahcKEwig3vXJwNmKAxUAAAAAHQAAAAAQBA","article_published_time":"2025-12-02T20:00:23+00:00","article_modified_time":"2025-12-24T09:23:05+00:00","og_image":[{"width":2560,"height":1440,"url":"https:\/\/www.cyberconfiance.ma\/wp-content\/uploads\/2025\/12\/Campagne-Nationale-2025-Affiche-scaled.jpg","type":"image\/jpeg"}],"author":"admin01","twitter_card":"summary_large_image","twitter_misc":{"\u0643\u064f\u062a\u0628 \u0628\u0648\u0627\u0633\u0637\u0629":"admin01","\u0648\u0642\u062a \u0627\u0644\u0642\u0631\u0627\u0621\u0629 \u0627\u0644\u0645\u064f\u0642\u062f\u0651\u0631":"\u062f\u0642\u064a\u0642\u062a\u0627\u0646"},"schema":{"@context":"https:\/\/schema.org","@graph":[{"@type":"WebPage","@id":"https:\/\/www.cyberconfiance.ma\/2025\/12\/02\/5eme-edition-de-la-campagne-nationale-de-prevention-contre-la-cyberviolence-et-le-cyberharcelement\/","url":"https:\/\/www.cyberconfiance.ma\/2025\/12\/02\/5eme-edition-de-la-campagne-nationale-de-prevention-contre-la-cyberviolence-et-le-cyberharcelement\/","name":"5\u00e8me \u00e9dition de la campagne nationale de pr\u00e9vention contre la cyberviolence et le cyberharc\u00e8lement - Cyberconfiance","isPartOf":{"@id":"https:\/\/www.cyberconfiance.ma\/#website"},"primaryImageOfPage":{"@id":"https:\/\/www.cyberconfiance.ma\/2025\/12\/02\/5eme-edition-de-la-campagne-nationale-de-prevention-contre-la-cyberviolence-et-le-cyberharcelement\/#primaryimage"},"image":{"@id":"https:\/\/www.cyberconfiance.ma\/2025\/12\/02\/5eme-edition-de-la-campagne-nationale-de-prevention-contre-la-cyberviolence-et-le-cyberharcelement\/#primaryimage"},"thumbnailUrl":"https:\/\/www.cyberconfiance.ma\/wp-content\/uploads\/2025\/12\/Campagne-Nationale-2025-Affiche-scaled.jpg","datePublished":"2025-12-02T20:00:23+00:00","dateModified":"2025-12-24T09:23:05+00:00","author":{"@id":"https:\/\/www.cyberconfiance.ma\/#\/schema\/person\/de8d45a7a23092a8581370cd1189df9e"},"breadcrumb":{"@id":"https:\/\/www.cyberconfiance.ma\/2025\/12\/02\/5eme-edition-de-la-campagne-nationale-de-prevention-contre-la-cyberviolence-et-le-cyberharcelement\/#breadcrumb"},"inLanguage":"ar","potentialAction":[{"@type":"ReadAction","target":["https:\/\/www.cyberconfiance.ma\/2025\/12\/02\/5eme-edition-de-la-campagne-nationale-de-prevention-contre-la-cyberviolence-et-le-cyberharcelement\/"]}]},{"@type":"ImageObject","inLanguage":"ar","@id":"https:\/\/www.cyberconfiance.ma\/2025\/12\/02\/5eme-edition-de-la-campagne-nationale-de-prevention-contre-la-cyberviolence-et-le-cyberharcelement\/#primaryimage","url":"https:\/\/www.cyberconfiance.ma\/wp-content\/uploads\/2025\/12\/Campagne-Nationale-2025-Affiche-scaled.jpg","contentUrl":"https:\/\/www.cyberconfiance.ma\/wp-content\/uploads\/2025\/12\/Campagne-Nationale-2025-Affiche-scaled.jpg","width":2560,"height":1440},{"@type":"BreadcrumbList","@id":"https:\/\/www.cyberconfiance.ma\/2025\/12\/02\/5eme-edition-de-la-campagne-nationale-de-prevention-contre-la-cyberviolence-et-le-cyberharcelement\/#breadcrumb","itemListElement":[{"@type":"ListItem","position":1,"name":"Accueil","item":"https:\/\/www.cyberconfiance.ma\/"},{"@type":"ListItem","position":2,"name":"5\u00e8me \u00e9dition de la campagne nationale de pr\u00e9vention contre la cyberviolence et le cyberharc\u00e8lement"}]},{"@type":"WebSite","@id":"https:\/\/www.cyberconfiance.ma\/#website","url":"https:\/\/www.cyberconfiance.ma\/","name":"Cyber-Confiance","description":"Protection en ligne","potentialAction":[{"@type":"SearchAction","target":{"@type":"EntryPoint","urlTemplate":"https:\/\/www.cyberconfiance.ma\/?s={search_term_string}"},"query-input":{"@type":"PropertyValueSpecification","valueRequired":true,"valueName":"search_term_string"}}],"inLanguage":"ar"},{"@type":"Person","@id":"https:\/\/www.cyberconfiance.ma\/#\/schema\/person\/de8d45a7a23092a8581370cd1189df9e","name":"admin01","image":{"@type":"ImageObject","inLanguage":"ar","@id":"https:\/\/www.cyberconfiance.ma\/#\/schema\/person\/image\/","url":"https:\/\/secure.gravatar.com\/avatar\/761ce9b2dcb69c5a34493d6e41be123481e8e0261882ed47dd5b3e3466139842?s=96&d=mm&r=g","contentUrl":"https:\/\/secure.gravatar.com\/avatar\/761ce9b2dcb69c5a34493d6e41be123481e8e0261882ed47dd5b3e3466139842?s=96&d=mm&r=g","caption":"admin01"},"sameAs":["https:\/\/www.cyberconfiance.ma"],"url":"https:\/\/www.cyberconfiance.ma\/ar\/author\/admin01\/"}]}},"_links":{"self":[{"href":"https:\/\/www.cyberconfiance.ma\/ar\/wp-json\/wp\/v2\/posts\/6071","targetHints":{"allow":["GET"]}}],"collection":[{"href":"https:\/\/www.cyberconfiance.ma\/ar\/wp-json\/wp\/v2\/posts"}],"about":[{"href":"https:\/\/www.cyberconfiance.ma\/ar\/wp-json\/wp\/v2\/types\/post"}],"author":[{"embeddable":true,"href":"https:\/\/www.cyberconfiance.ma\/ar\/wp-json\/wp\/v2\/users\/1"}],"replies":[{"embeddable":true,"href":"https:\/\/www.cyberconfiance.ma\/ar\/wp-json\/wp\/v2\/comments?post=6071"}],"version-history":[{"count":5,"href":"https:\/\/www.cyberconfiance.ma\/ar\/wp-json\/wp\/v2\/posts\/6071\/revisions"}],"predecessor-version":[{"id":6126,"href":"https:\/\/www.cyberconfiance.ma\/ar\/wp-json\/wp\/v2\/posts\/6071\/revisions\/6126"}],"wp:featuredmedia":[{"embeddable":true,"href":"https:\/\/www.cyberconfiance.ma\/ar\/wp-json\/wp\/v2\/media\/6080"}],"wp:attachment":[{"href":"https:\/\/www.cyberconfiance.ma\/ar\/wp-json\/wp\/v2\/media?parent=6071"}],"wp:term":[{"taxonomy":"category","embeddable":true,"href":"https:\/\/www.cyberconfiance.ma\/ar\/wp-json\/wp\/v2\/categories?post=6071"},{"taxonomy":"post_tag","embeddable":true,"href":"https:\/\/www.cyberconfiance.ma\/ar\/wp-json\/wp\/v2\/tags?post=6071"}],"curies":[{"name":"wp","href":"https:\/\/api.w.org\/{rel}","templated":true}]}}